{"id":3418,"date":"2023-10-16T10:25:22","date_gmt":"2023-10-16T10:25:22","guid":{"rendered":"https:\/\/glommersbygden.se\/?p=3418"},"modified":"2023-10-16T10:39:43","modified_gmt":"2023-10-16T10:39:43","slug":"sagverket-utses-till-gasellforetag","status":"publish","type":"post","link":"https:\/\/glommersbygden.se\/en\/sagverket-utses-till-gasellforetag\/","title":{"rendered":"S\u00e5gverket i Glommerstr\u00e4sk utses till gasellf\u00f6retag"},"content":{"rendered":"<div data-elementor-type=\"wp-post\" data-elementor-id=\"3418\" class=\"elementor elementor-3418\" data-elementor-post-type=\"post\">\n\t\t\t\t\t\t<section class=\"elementor-section elementor-top-section elementor-element elementor-element-e633cb5 elementor-section-boxed elementor-section-height-default elementor-section-height-default\" data-id=\"e633cb5\" data-element_type=\"section\" data-settings=\"{&quot;background_background&quot;:&quot;classic&quot;}\">\n\t\t\t\t\t\t<div class=\"elementor-container elementor-column-gap-default\">\n\t\t\t\t\t<div class=\"elementor-column elementor-col-100 elementor-top-column elementor-element elementor-element-32be96c\" data-id=\"32be96c\" data-element_type=\"column\">\n\t\t\t<div class=\"elementor-widget-wrap elementor-element-populated\">\n\t\t\t\t\t\t<div class=\"elementor-element elementor-element-1e401f0 elementor-widget elementor-widget-spacer\" data-id=\"1e401f0\" data-element_type=\"widget\" data-widget_type=\"spacer.default\">\n\t\t\t\t<div class=\"elementor-widget-container\">\n\t\t\t\t\t<div class=\"elementor-spacer\">\n\t\t\t<div class=\"elementor-spacer-inner\"><\/div>\n\t\t<\/div>\n\t\t\t\t<\/div>\n\t\t\t\t<\/div>\n\t\t\t\t\t<\/div>\n\t\t<\/div>\n\t\t\t\t\t<\/div>\n\t\t<\/section>\n\t\t\t\t<section class=\"elementor-section elementor-top-section elementor-element elementor-element-aa4dcfa elementor-section-boxed elementor-section-height-default elementor-section-height-default\" data-id=\"aa4dcfa\" data-element_type=\"section\">\n\t\t\t\t\t\t<div class=\"elementor-container elementor-column-gap-default\">\n\t\t\t\t\t<div class=\"elementor-column elementor-col-100 elementor-top-column elementor-element elementor-element-5af9b98\" data-id=\"5af9b98\" data-element_type=\"column\">\n\t\t\t<div class=\"elementor-widget-wrap elementor-element-populated\">\n\t\t\t\t\t\t<div class=\"elementor-element elementor-element-7066c93 elementor-widget elementor-widget-spacer\" data-id=\"7066c93\" data-element_type=\"widget\" data-widget_type=\"spacer.default\">\n\t\t\t\t<div class=\"elementor-widget-container\">\n\t\t\t\t\t<div class=\"elementor-spacer\">\n\t\t\t<div class=\"elementor-spacer-inner\"><\/div>\n\t\t<\/div>\n\t\t\t\t<\/div>\n\t\t\t\t<\/div>\n\t\t\t\t\t<\/div>\n\t\t<\/div>\n\t\t\t\t\t<\/div>\n\t\t<\/section>\n\t\t\t\t<section class=\"elementor-section elementor-top-section elementor-element elementor-element-fa52be5 elementor-section-boxed elementor-section-height-default elementor-section-height-default\" data-id=\"fa52be5\" data-element_type=\"section\">\n\t\t\t\t\t\t<div class=\"elementor-container elementor-column-gap-default\">\n\t\t\t\t\t<div class=\"elementor-column elementor-col-50 elementor-top-column elementor-element elementor-element-8380c75\" data-id=\"8380c75\" data-element_type=\"column\">\n\t\t\t<div class=\"elementor-widget-wrap elementor-element-populated\">\n\t\t\t\t\t\t<div class=\"elementor-element elementor-element-ca94557 elementor-widget elementor-widget-image\" data-id=\"ca94557\" data-element_type=\"widget\" data-widget_type=\"image.default\">\n\t\t\t\t<div class=\"elementor-widget-container\">\n\t\t\t\t\t\t\t\t\t\t<figure class=\"wp-caption\">\n\t\t\t\t\t\t\t\t\t\t<img fetchpriority=\"high\" decoding=\"async\" width=\"800\" height=\"723\" src=\"https:\/\/glommersbygden.se\/wp-content\/uploads\/2023\/10\/Skarmavbild-2023-10-16-kl.-11.57.22-1024x926.png\" class=\"attachment-large size-large wp-image-3421\" alt=\"glommerstimber, s\u00e5gverk i Glommerstr\u00e4sk\" srcset=\"https:\/\/glommersbygden.se\/wp-content\/uploads\/2023\/10\/Skarmavbild-2023-10-16-kl.-11.57.22-1024x926.png 1024w, https:\/\/glommersbygden.se\/wp-content\/uploads\/2023\/10\/Skarmavbild-2023-10-16-kl.-11.57.22-600x542.png 600w, https:\/\/glommersbygden.se\/wp-content\/uploads\/2023\/10\/Skarmavbild-2023-10-16-kl.-11.57.22-300x271.png 300w, https:\/\/glommersbygden.se\/wp-content\/uploads\/2023\/10\/Skarmavbild-2023-10-16-kl.-11.57.22-768x694.png 768w, https:\/\/glommersbygden.se\/wp-content\/uploads\/2023\/10\/Skarmavbild-2023-10-16-kl.-11.57.22.png 1144w\" sizes=\"(max-width: 800px) 100vw, 800px\" \/>\t\t\t\t\t\t\t\t\t\t\t<figcaption class=\"widget-image-caption wp-caption-text\">Foto: SVT Norrbotten\/Beatrice Karlsson<\/figcaption>\n\t\t\t\t\t\t\t\t\t\t<\/figure>\n\t\t\t\t\t\t\t<\/div>\n\t\t\t\t<\/div>\n\t\t\t\t\t<\/div>\n\t\t<\/div>\n\t\t\t\t<div class=\"elementor-column elementor-col-50 elementor-top-column elementor-element elementor-element-39c8c49\" data-id=\"39c8c49\" data-element_type=\"column\">\n\t\t\t<div class=\"elementor-widget-wrap elementor-element-populated\">\n\t\t\t\t\t\t<div class=\"elementor-element elementor-element-24a8203 elementor-widget elementor-widget-heading\" data-id=\"24a8203\" data-element_type=\"widget\" data-widget_type=\"heading.default\">\n\t\t\t\t<div class=\"elementor-widget-container\">\n\t\t\t<h1 class=\"elementor-heading-title elementor-size-default\">S\u00e5gverket i Glommerstr\u00e4sk utses till gasellf\u00f6retag<\/h1>\t\t<\/div>\n\t\t\t\t<\/div>\n\t\t\t\t<div class=\"elementor-element elementor-element-315730e elementor-widget elementor-widget-text-editor\" data-id=\"315730e\" data-element_type=\"widget\" data-widget_type=\"text-editor.default\">\n\t\t\t\t<div class=\"elementor-widget-container\">\n\t\t\t\t\t\t\t<p>I topp fem p\u00e5 listan \u00f6ver gasellf\u00f6retag i Norrbotten s\u00e5 hittar vi Glommers timber, ett f\u00f6retag som har v\u00e4xt s\u00e5 det knakar som SVT uttrycker det.\u00a0<\/p><p>Superroligt f\u00f6r hela bygden att f\u00e5 l\u00e4sa om dessa framg\u00e5ngar f\u00f6r v\u00e5ra f\u00f6retagare. STORT grattis till Stockhult Glommers Timber och dess anst\u00e4llda!\u00a0<\/p><p>Vill du h\u00f6ra hela reportaget och l\u00e4sa mer information f\u00f6lj l\u00e4nken nedan till SVT&#8217;s reportage.\u00a0<\/p>\t\t\t\t\t\t<\/div>\n\t\t\t\t<\/div>\n\t\t\t\t<div class=\"elementor-element elementor-element-686ea10 elementor-widget elementor-widget-spacer\" data-id=\"686ea10\" data-element_type=\"widget\" data-widget_type=\"spacer.default\">\n\t\t\t\t<div class=\"elementor-widget-container\">\n\t\t\t\t\t<div class=\"elementor-spacer\">\n\t\t\t<div class=\"elementor-spacer-inner\"><\/div>\n\t\t<\/div>\n\t\t\t\t<\/div>\n\t\t\t\t<\/div>\n\t\t\t\t<div class=\"elementor-element elementor-element-81e71f8 elementor-align-center elementor-widget elementor-widget-button\" data-id=\"81e71f8\" data-element_type=\"widget\" data-widget_type=\"button.default\">\n\t\t\t\t<div class=\"elementor-widget-container\">\n\t\t\t\t\t\t\t<div class=\"elementor-button-wrapper\">\n\t\t\t\t\t<a class=\"elementor-button elementor-button-link elementor-size-sm\" href=\"https:\/\/www.svt.se\/nyheter\/lokalt\/norrbotten\/sagverket-i-glommerstrask-ett-av-lanets-gasellforetag-kan-bo-kvar-pa-vischan--sm6epq?fbclid=IwAR0uuszjMCiqT7brgbmmIR_nDavLNhGmMmB4yw2DvnmhyLgFy2Pe6XEyjUg\">\n\t\t\t\t\t\t<span class=\"elementor-button-content-wrapper\">\n\t\t\t\t\t\t\t\t\t<span class=\"elementor-button-text\">Se hela reportaget h\u00e4r<\/span>\n\t\t\t\t\t<\/span>\n\t\t\t\t\t<\/a>\n\t\t\t\t<\/div>\n\t\t\t\t\t\t<\/div>\n\t\t\t\t<\/div>\n\t\t\t\t<div class=\"elementor-element elementor-element-5019aaa elementor-widget elementor-widget-spacer\" data-id=\"5019aaa\" data-element_type=\"widget\" data-widget_type=\"spacer.default\">\n\t\t\t\t<div class=\"elementor-widget-container\">\n\t\t\t\t\t<div class=\"elementor-spacer\">\n\t\t\t<div class=\"elementor-spacer-inner\"><\/div>\n\t\t<\/div>\n\t\t\t\t<\/div>\n\t\t\t\t<\/div>\n\t\t\t\t\t<\/div>\n\t\t<\/div>\n\t\t\t\t\t<\/div>\n\t\t<\/section>\n\t\t\t\t<section class=\"elementor-section elementor-top-section elementor-element elementor-element-ce4f9c4 elementor-section-full_width elementor-section-height-default elementor-section-height-default\" data-id=\"ce4f9c4\" data-element_type=\"section\" data-settings=\"{&quot;background_background&quot;:&quot;classic&quot;}\">\n\t\t\t\t\t\t<div class=\"elementor-container elementor-column-gap-default\">\n\t\t\t\t\t<div class=\"elementor-column elementor-col-100 elementor-top-column elementor-element elementor-element-970a1ff\" data-id=\"970a1ff\" data-element_type=\"column\">\n\t\t\t<div class=\"elementor-widget-wrap elementor-element-populated\">\n\t\t\t\t\t\t<div class=\"elementor-element elementor-element-e76ed33 elementor-widget elementor-widget-spacer\" data-id=\"e76ed33\" data-element_type=\"widget\" data-widget_type=\"spacer.default\">\n\t\t\t\t<div class=\"elementor-widget-container\">\n\t\t\t\t\t<div class=\"elementor-spacer\">\n\t\t\t<div class=\"elementor-spacer-inner\"><\/div>\n\t\t<\/div>\n\t\t\t\t<\/div>\n\t\t\t\t<\/div>\n\t\t\t\t<div class=\"elementor-element elementor-element-3d12234 elementor-widget elementor-widget-heading\" data-id=\"3d12234\" data-element_type=\"widget\" data-widget_type=\"heading.default\">\n\t\t\t\t<div class=\"elementor-widget-container\">\n\t\t\t<h2 class=\"elementor-heading-title elementor-size-default\">GRATTIS GLOMMERS TIMBER<\/h2>\t\t<\/div>\n\t\t\t\t<\/div>\n\t\t\t\t<div class=\"elementor-element elementor-element-e217f73 elementor-widget elementor-widget-spacer\" data-id=\"e217f73\" data-element_type=\"widget\" data-widget_type=\"spacer.default\">\n\t\t\t\t<div class=\"elementor-widget-container\">\n\t\t\t\t\t<div class=\"elementor-spacer\">\n\t\t\t<div class=\"elementor-spacer-inner\"><\/div>\n\t\t<\/div>\n\t\t\t\t<\/div>\n\t\t\t\t<\/div>\n\t\t\t\t\t<\/div>\n\t\t<\/div>\n\t\t\t\t\t<\/div>\n\t\t<\/section>\n\t\t\t\t<\/div>","protected":false},"excerpt":{"rendered":"<p>S\u00e5gverket i Glommerstr\u00e4sk v\u00e4xer s\u00e5 det knakar! Utsett till gasellf\u00f6retag och hamnar p\u00e5 topp 5 i Norrbotten. <\/p>","protected":false},"author":1,"featured_media":3419,"comment_status":"closed","ping_status":"closed","sticky":false,"template":"","format":"standard","meta":{"footnotes":""},"categories":[14],"tags":[],"class_list":["post-3418","post","type-post","status-publish","format-standard","has-post-thumbnail","hentry","category-nyheter"],"yoast_head":"<!-- This site is optimized with the Yoast SEO plugin v26.3 - https:\/\/yoast.com\/wordpress\/plugins\/seo\/ -->\n<title>S\u00e5gverket i Glommerstr\u00e4sk utses till gasellf\u00f6retag - Glommerstr\u00e4sk | Glommersbygden<\/title>\n<meta name=\"description\" content=\"S\u00e5gverket i Glommerstr\u00e4sk v\u00e4xer s\u00e5 det knakar! Nu utses f\u00f6retaget till gasellf\u00f6retag och liger i topp fem i Norrbotten\" \/>\n<meta name=\"robots\" content=\"index, follow, max-snippet:-1, max-image-preview:large, max-video-preview:-1\" \/>\n<link rel=\"canonical\" href=\"https:\/\/glommersbygden.se\/en\/sagverket-utses-till-gasellforetag\/\" \/>\n<meta property=\"og:locale\" content=\"en_US\" \/>\n<meta property=\"og:type\" content=\"article\" \/>\n<meta property=\"og:title\" content=\"S\u00e5gverket i Glommerstr\u00e4sk utses till gasellf\u00f6retag - Glommerstr\u00e4sk | Glommersbygden\" \/>\n<meta property=\"og:description\" content=\"S\u00e5gverket i Glommerstr\u00e4sk v\u00e4xer s\u00e5 det knakar! Nu utses f\u00f6retaget till gasellf\u00f6retag och liger i topp fem i Norrbotten\" \/>\n<meta property=\"og:url\" content=\"https:\/\/glommersbygden.se\/en\/sagverket-utses-till-gasellforetag\/\" \/>\n<meta property=\"og:site_name\" content=\"Glommerstr\u00e4sk | Glommersbygden\" \/>\n<meta property=\"article:publisher\" content=\"https:\/\/www.facebook.com\/glommerstrask\" \/>\n<meta property=\"article:published_time\" content=\"2023-10-16T10:25:22+00:00\" \/>\n<meta property=\"article:modified_time\" content=\"2023-10-16T10:39:43+00:00\" \/>\n<meta property=\"og:image\" content=\"https:\/\/glommersbygden.se\/wp-content\/uploads\/2023\/10\/Skarmavbild-2023-10-16-kl.-12.24.23.png\" \/>\n\t<meta property=\"og:image:width\" content=\"626\" \/>\n\t<meta property=\"og:image:height\" content=\"262\" \/>\n\t<meta property=\"og:image:type\" content=\"image\/png\" \/>\n<meta name=\"author\" content=\"glommersbygden\" \/>\n<meta name=\"twitter:card\" content=\"summary_large_image\" \/>\n<meta name=\"twitter:label1\" content=\"Written by\" \/>\n\t<meta name=\"twitter:data1\" content=\"glommersbygden\" \/>\n\t<meta name=\"twitter:label2\" content=\"Est. reading time\" \/>\n\t<meta name=\"twitter:data2\" content=\"1 minute\" \/>\n<script type=\"application\/ld+json\" class=\"yoast-schema-graph\">{\"@context\":\"https:\/\/schema.org\",\"@graph\":[{\"@type\":\"Article\",\"@id\":\"https:\/\/glommersbygden.se\/sagverket-utses-till-gasellforetag\/#article\",\"isPartOf\":{\"@id\":\"https:\/\/glommersbygden.se\/sagverket-utses-till-gasellforetag\/\"},\"author\":{\"name\":\"glommersbygden\",\"@id\":\"https:\/\/glommersbygden.se\/#\/schema\/person\/9462ae79b28a9cce9686999c4f27cb03\"},\"headline\":\"S\u00e5gverket i Glommerstr\u00e4sk utses till gasellf\u00f6retag\",\"datePublished\":\"2023-10-16T10:25:22+00:00\",\"dateModified\":\"2023-10-16T10:39:43+00:00\",\"mainEntityOfPage\":{\"@id\":\"https:\/\/glommersbygden.se\/sagverket-utses-till-gasellforetag\/\"},\"wordCount\":109,\"publisher\":{\"@id\":\"https:\/\/glommersbygden.se\/#organization\"},\"image\":{\"@id\":\"https:\/\/glommersbygden.se\/sagverket-utses-till-gasellforetag\/#primaryimage\"},\"thumbnailUrl\":\"https:\/\/glommersbygden.se\/wp-content\/uploads\/2023\/10\/Skarmavbild-2023-10-16-kl.-12.24.23.png\",\"articleSection\":[\"Nyheter\"],\"inLanguage\":\"en-US\"},{\"@type\":\"WebPage\",\"@id\":\"https:\/\/glommersbygden.se\/sagverket-utses-till-gasellforetag\/\",\"url\":\"https:\/\/glommersbygden.se\/sagverket-utses-till-gasellforetag\/\",\"name\":\"S\u00e5gverket i Glommerstr\u00e4sk utses till gasellf\u00f6retag - Glommerstr\u00e4sk | Glommersbygden\",\"isPartOf\":{\"@id\":\"https:\/\/glommersbygden.se\/#website\"},\"primaryImageOfPage\":{\"@id\":\"https:\/\/glommersbygden.se\/sagverket-utses-till-gasellforetag\/#primaryimage\"},\"image\":{\"@id\":\"https:\/\/glommersbygden.se\/sagverket-utses-till-gasellforetag\/#primaryimage\"},\"thumbnailUrl\":\"https:\/\/glommersbygden.se\/wp-content\/uploads\/2023\/10\/Skarmavbild-2023-10-16-kl.-12.24.23.png\",\"datePublished\":\"2023-10-16T10:25:22+00:00\",\"dateModified\":\"2023-10-16T10:39:43+00:00\",\"description\":\"S\u00e5gverket i Glommerstr\u00e4sk v\u00e4xer s\u00e5 det knakar! Nu utses f\u00f6retaget till gasellf\u00f6retag och liger i topp fem i Norrbotten\",\"breadcrumb\":{\"@id\":\"https:\/\/glommersbygden.se\/sagverket-utses-till-gasellforetag\/#breadcrumb\"},\"inLanguage\":\"en-US\",\"potentialAction\":[{\"@type\":\"ReadAction\",\"target\":[\"https:\/\/glommersbygden.se\/sagverket-utses-till-gasellforetag\/\"]}]},{\"@type\":\"ImageObject\",\"inLanguage\":\"en-US\",\"@id\":\"https:\/\/glommersbygden.se\/sagverket-utses-till-gasellforetag\/#primaryimage\",\"url\":\"https:\/\/glommersbygden.se\/wp-content\/uploads\/2023\/10\/Skarmavbild-2023-10-16-kl.-12.24.23.png\",\"contentUrl\":\"https:\/\/glommersbygden.se\/wp-content\/uploads\/2023\/10\/Skarmavbild-2023-10-16-kl.-12.24.23.png\",\"width\":626,\"height\":262,\"caption\":\"S\u00e5gverket Glommerstimber i Glommerstr\u00e4sk\"},{\"@type\":\"BreadcrumbList\",\"@id\":\"https:\/\/glommersbygden.se\/sagverket-utses-till-gasellforetag\/#breadcrumb\",\"itemListElement\":[{\"@type\":\"ListItem\",\"position\":1,\"name\":\"Hem\",\"item\":\"https:\/\/glommersbygden.se\/\"},{\"@type\":\"ListItem\",\"position\":2,\"name\":\"S\u00e5gverket i Glommerstr\u00e4sk utses till gasellf\u00f6retag\"}]},{\"@type\":\"WebSite\",\"@id\":\"https:\/\/glommersbygden.se\/#website\",\"url\":\"https:\/\/glommersbygden.se\/\",\"name\":\"Glommersbygden - Glommerstr\u00e4sk\",\"description\":\"Inlandsdr\u00f6m mellan kust och fj\u00e4ll\",\"publisher\":{\"@id\":\"https:\/\/glommersbygden.se\/#organization\"},\"alternateName\":\"Glommers\",\"potentialAction\":[{\"@type\":\"SearchAction\",\"target\":{\"@type\":\"EntryPoint\",\"urlTemplate\":\"https:\/\/glommersbygden.se\/?s={search_term_string}\"},\"query-input\":{\"@type\":\"PropertyValueSpecification\",\"valueRequired\":true,\"valueName\":\"search_term_string\"}}],\"inLanguage\":\"en-US\"},{\"@type\":\"Organization\",\"@id\":\"https:\/\/glommersbygden.se\/#organization\",\"name\":\"Glommersbygden\",\"url\":\"https:\/\/glommersbygden.se\/\",\"logo\":{\"@type\":\"ImageObject\",\"inLanguage\":\"en-US\",\"@id\":\"https:\/\/glommersbygden.se\/#\/schema\/logo\/image\/\",\"url\":\"https:\/\/glommersbygden.se\/wp-content\/uploads\/2023\/09\/cropped-logo-mini-hemsida.png\",\"contentUrl\":\"https:\/\/glommersbygden.se\/wp-content\/uploads\/2023\/09\/cropped-logo-mini-hemsida.png\",\"width\":512,\"height\":512,\"caption\":\"Glommersbygden\"},\"image\":{\"@id\":\"https:\/\/glommersbygden.se\/#\/schema\/logo\/image\/\"},\"sameAs\":[\"https:\/\/www.facebook.com\/glommerstrask\",\"https:\/\/www.instagram.com\/glommerstrask_glommersbygden\/\",\"https:\/\/www.youtube.com\/@RelocateLapland-glommers\"]},{\"@type\":\"Person\",\"@id\":\"https:\/\/glommersbygden.se\/#\/schema\/person\/9462ae79b28a9cce9686999c4f27cb03\",\"name\":\"glommersbygden\",\"sameAs\":[\"http:\/\/glommersbygden.se\"],\"url\":\"https:\/\/glommersbygden.se\/en\/author\/glommersbygden\/\"}]}<\/script>\n<!-- \/ Yoast SEO plugin. -->","yoast_head_json":{"title":"S\u00e5gverket i Glommerstr\u00e4sk utses till gasellf\u00f6retag - Glommerstr\u00e4sk | Glommersbygden","description":"S\u00e5gverket i Glommerstr\u00e4sk v\u00e4xer s\u00e5 det knakar! Nu utses f\u00f6retaget till gasellf\u00f6retag och liger i topp fem i Norrbotten","robots":{"index":"index","follow":"follow","max-snippet":"max-snippet:-1","max-image-preview":"max-image-preview:large","max-video-preview":"max-video-preview:-1"},"canonical":"https:\/\/glommersbygden.se\/en\/sagverket-utses-till-gasellforetag\/","og_locale":"en_US","og_type":"article","og_title":"S\u00e5gverket i Glommerstr\u00e4sk utses till gasellf\u00f6retag - Glommerstr\u00e4sk | Glommersbygden","og_description":"S\u00e5gverket i Glommerstr\u00e4sk v\u00e4xer s\u00e5 det knakar! Nu utses f\u00f6retaget till gasellf\u00f6retag och liger i topp fem i Norrbotten","og_url":"https:\/\/glommersbygden.se\/en\/sagverket-utses-till-gasellforetag\/","og_site_name":"Glommerstr\u00e4sk | Glommersbygden","article_publisher":"https:\/\/www.facebook.com\/glommerstrask","article_published_time":"2023-10-16T10:25:22+00:00","article_modified_time":"2023-10-16T10:39:43+00:00","og_image":[{"width":626,"height":262,"url":"https:\/\/glommersbygden.se\/wp-content\/uploads\/2023\/10\/Skarmavbild-2023-10-16-kl.-12.24.23.png","type":"image\/png"}],"author":"glommersbygden","twitter_card":"summary_large_image","twitter_misc":{"Written by":"glommersbygden","Est. reading time":"1 minute"},"schema":{"@context":"https:\/\/schema.org","@graph":[{"@type":"Article","@id":"https:\/\/glommersbygden.se\/sagverket-utses-till-gasellforetag\/#article","isPartOf":{"@id":"https:\/\/glommersbygden.se\/sagverket-utses-till-gasellforetag\/"},"author":{"name":"glommersbygden","@id":"https:\/\/glommersbygden.se\/#\/schema\/person\/9462ae79b28a9cce9686999c4f27cb03"},"headline":"S\u00e5gverket i Glommerstr\u00e4sk utses till gasellf\u00f6retag","datePublished":"2023-10-16T10:25:22+00:00","dateModified":"2023-10-16T10:39:43+00:00","mainEntityOfPage":{"@id":"https:\/\/glommersbygden.se\/sagverket-utses-till-gasellforetag\/"},"wordCount":109,"publisher":{"@id":"https:\/\/glommersbygden.se\/#organization"},"image":{"@id":"https:\/\/glommersbygden.se\/sagverket-utses-till-gasellforetag\/#primaryimage"},"thumbnailUrl":"https:\/\/glommersbygden.se\/wp-content\/uploads\/2023\/10\/Skarmavbild-2023-10-16-kl.-12.24.23.png","articleSection":["Nyheter"],"inLanguage":"en-US"},{"@type":"WebPage","@id":"https:\/\/glommersbygden.se\/sagverket-utses-till-gasellforetag\/","url":"https:\/\/glommersbygden.se\/sagverket-utses-till-gasellforetag\/","name":"S\u00e5gverket i Glommerstr\u00e4sk utses till gasellf\u00f6retag - Glommerstr\u00e4sk | Glommersbygden","isPartOf":{"@id":"https:\/\/glommersbygden.se\/#website"},"primaryImageOfPage":{"@id":"https:\/\/glommersbygden.se\/sagverket-utses-till-gasellforetag\/#primaryimage"},"image":{"@id":"https:\/\/glommersbygden.se\/sagverket-utses-till-gasellforetag\/#primaryimage"},"thumbnailUrl":"https:\/\/glommersbygden.se\/wp-content\/uploads\/2023\/10\/Skarmavbild-2023-10-16-kl.-12.24.23.png","datePublished":"2023-10-16T10:25:22+00:00","dateModified":"2023-10-16T10:39:43+00:00","description":"S\u00e5gverket i Glommerstr\u00e4sk v\u00e4xer s\u00e5 det knakar! Nu utses f\u00f6retaget till gasellf\u00f6retag och liger i topp fem i Norrbotten","breadcrumb":{"@id":"https:\/\/glommersbygden.se\/sagverket-utses-till-gasellforetag\/#breadcrumb"},"inLanguage":"en-US","potentialAction":[{"@type":"ReadAction","target":["https:\/\/glommersbygden.se\/sagverket-utses-till-gasellforetag\/"]}]},{"@type":"ImageObject","inLanguage":"en-US","@id":"https:\/\/glommersbygden.se\/sagverket-utses-till-gasellforetag\/#primaryimage","url":"https:\/\/glommersbygden.se\/wp-content\/uploads\/2023\/10\/Skarmavbild-2023-10-16-kl.-12.24.23.png","contentUrl":"https:\/\/glommersbygden.se\/wp-content\/uploads\/2023\/10\/Skarmavbild-2023-10-16-kl.-12.24.23.png","width":626,"height":262,"caption":"S\u00e5gverket Glommerstimber i Glommerstr\u00e4sk"},{"@type":"BreadcrumbList","@id":"https:\/\/glommersbygden.se\/sagverket-utses-till-gasellforetag\/#breadcrumb","itemListElement":[{"@type":"ListItem","position":1,"name":"Hem","item":"https:\/\/glommersbygden.se\/"},{"@type":"ListItem","position":2,"name":"S\u00e5gverket i Glommerstr\u00e4sk utses till gasellf\u00f6retag"}]},{"@type":"WebSite","@id":"https:\/\/glommersbygden.se\/#website","url":"https:\/\/glommersbygden.se\/","name":"Glommersbygden - Glommerstr\u00e4sk","description":"Inlandsdr\u00f6m mellan kust och fj\u00e4ll","publisher":{"@id":"https:\/\/glommersbygden.se\/#organization"},"alternateName":"Glommers","potentialAction":[{"@type":"SearchAction","target":{"@type":"EntryPoint","urlTemplate":"https:\/\/glommersbygden.se\/?s={search_term_string}"},"query-input":{"@type":"PropertyValueSpecification","valueRequired":true,"valueName":"search_term_string"}}],"inLanguage":"en-US"},{"@type":"Organization","@id":"https:\/\/glommersbygden.se\/#organization","name":"Glommersbygden","url":"https:\/\/glommersbygden.se\/","logo":{"@type":"ImageObject","inLanguage":"en-US","@id":"https:\/\/glommersbygden.se\/#\/schema\/logo\/image\/","url":"https:\/\/glommersbygden.se\/wp-content\/uploads\/2023\/09\/cropped-logo-mini-hemsida.png","contentUrl":"https:\/\/glommersbygden.se\/wp-content\/uploads\/2023\/09\/cropped-logo-mini-hemsida.png","width":512,"height":512,"caption":"Glommersbygden"},"image":{"@id":"https:\/\/glommersbygden.se\/#\/schema\/logo\/image\/"},"sameAs":["https:\/\/www.facebook.com\/glommerstrask","https:\/\/www.instagram.com\/glommerstrask_glommersbygden\/","https:\/\/www.youtube.com\/@RelocateLapland-glommers"]},{"@type":"Person","@id":"https:\/\/glommersbygden.se\/#\/schema\/person\/9462ae79b28a9cce9686999c4f27cb03","name":"glommersbygden","sameAs":["http:\/\/glommersbygden.se"],"url":"https:\/\/glommersbygden.se\/en\/author\/glommersbygden\/"}]}},"_links":{"self":[{"href":"https:\/\/glommersbygden.se\/en\/wp-json\/wp\/v2\/posts\/3418","targetHints":{"allow":["GET"]}}],"collection":[{"href":"https:\/\/glommersbygden.se\/en\/wp-json\/wp\/v2\/posts"}],"about":[{"href":"https:\/\/glommersbygden.se\/en\/wp-json\/wp\/v2\/types\/post"}],"author":[{"embeddable":true,"href":"https:\/\/glommersbygden.se\/en\/wp-json\/wp\/v2\/users\/1"}],"replies":[{"embeddable":true,"href":"https:\/\/glommersbygden.se\/en\/wp-json\/wp\/v2\/comments?post=3418"}],"version-history":[{"count":10,"href":"https:\/\/glommersbygden.se\/en\/wp-json\/wp\/v2\/posts\/3418\/revisions"}],"predecessor-version":[{"id":3433,"href":"https:\/\/glommersbygden.se\/en\/wp-json\/wp\/v2\/posts\/3418\/revisions\/3433"}],"wp:featuredmedia":[{"embeddable":true,"href":"https:\/\/glommersbygden.se\/en\/wp-json\/wp\/v2\/media\/3419"}],"wp:attachment":[{"href":"https:\/\/glommersbygden.se\/en\/wp-json\/wp\/v2\/media?parent=3418"}],"wp:term":[{"taxonomy":"category","embeddable":true,"href":"https:\/\/glommersbygden.se\/en\/wp-json\/wp\/v2\/categories?post=3418"},{"taxonomy":"post_tag","embeddable":true,"href":"https:\/\/glommersbygden.se\/en\/wp-json\/wp\/v2\/tags?post=3418"}],"curies":[{"name":"wp","href":"https:\/\/api.w.org\/{rel}","templated":true}]}}